{"id":124,"date":"2009-10-08T18:37:29","date_gmt":"2009-10-08T16:37:29","guid":{"rendered":"http:\/\/www.meine-birmas.de\/?p=124"},"modified":"2009-12-19T11:27:41","modified_gmt":"2009-12-19T09:27:41","slug":"balou","status":"publish","type":"post","link":"http:\/\/www.meine-birmas.de\/?p=124","title":{"rendered":"Balou"},"content":{"rendered":"<p>Mitte September ist wieder ein kleines B\u00e4rchen bei uns eingezogen.<\/p>\n<p>Nachdem Snoopy \u00fcber die Regenbogenbr\u00fccke gegangen war, wurde ich gefragt, ob es wieder eine vierte Katze geben werde. Mein erster Gedanke war niemals!<br \/>\nAber da war ja auch Anny, wenn ich mich nicht z\u00fcgig entscheiden w\u00fcrde, dann w\u00fcrde die Dreiergruppe wieder zu eingefahren sein.  Anny f\u00e4llt es nun mal ganz besonders schwer sich an Neues zu gew\u00f6hnen. Also wenn dann jetzt oder erstmal die n\u00e4chsten Jahre nicht.<\/p>\n<p>Mit Hilfe unser lieben Z\u00fcchterin konnten wir uns in Braunschweig Kitten anschauen. Die Zwerge waren alle so bezaubernd, die Qual der Wahl war wirklich gro\u00df. Ich entschied mich f\u00fcr ein chocolate Katerchen-Quo Vadis, von uns aufgrund seiner tapsigen Art umgetauft in Balou.<\/p>\n<p><a onclick=\"ps_imagemanager_popup(this.href,'Balou1.png','845','714');return false\" href=\"\/wp-content\/uploads\/2009\/10\/Balou1.png\" onfocus=\"this.blur()\" onclick=\"return enlarge('http:\/\/www.meine-birmas.de\/wp-content\/plugins\/zap_imgpop\/','\/wp-content\/uploads\/2009\/10\/Balou1.png','',event,300,75)\"><img decoding=\"async\" loading=\"lazy\" title=\"Balou\" src=\"\/wp-content\/uploads\/2009\/10\/.thumbs\/.Balou1.png\" border=\"0\" alt=\"Balou\" width=\"350\" height=\"296\" \/><\/a><\/p>\n<p>Er ist einfach nur s\u00fcss!! Ausser morgens wenn er wach wird und die F\u00fcsse der noch schlafenden Zweibeiner jagt *gg*<br \/>\nEr hat sich fantastisch und sehr schnell hier eingelebt. Tino ist sein allerbester Freund :-)) Kessy darf ihn putzen und Anny stellt die Zickerei auch langsam ein.<\/p>\n<p>Das es bei ihr l\u00e4nger dauert wussten wir ja und f\u00fcr ihre Verh\u00e4ltnisse ist es schon sehr gut. Balou macht seinem Namen alle Ehre, er nimmt Annys Zickerei sehr gelassen :-)<\/p>\n<p><a onclick=\"ps_imagemanager_popup(this.href,'Balou2.png','800','533');return false\" href=\"\/wp-content\/uploads\/2009\/10\/Balou2.png\" onfocus=\"this.blur()\" onclick=\"return enlarge('http:\/\/www.meine-birmas.de\/wp-content\/plugins\/zap_imgpop\/','\/wp-content\/uploads\/2009\/10\/Balou2.png','',event,300,75)\"><img decoding=\"async\" loading=\"lazy\" title=\"Balou\" src=\"\/wp-content\/uploads\/2009\/10\/.thumbs\/.Balou2.png\" border=\"0\" alt=\"Balou\" width=\"350\" height=\"233\" \/><\/a><\/p>\n<p>Ich m\u00f6chte ihn jetzt schon nicht mehr missen, diesen wilden, kleinen Vielfrass *gg<\/p>\n<p>Danke <a href=\"http:\/\/bellefleur-birmakatzen.de\/\">Herr Kopischke<\/a> f\u00fcr dieses bezaubernde Katzenkind!<\/p>\n","protected":false},"excerpt":{"rendered":"<p>Mitte September ist wieder ein kleines B\u00e4rchen bei uns eingezogen. Nachdem Snoopy \u00fcber die Regenbogenbr\u00fccke gegangen war, wurde ich gefragt, ob es wieder eine vierte Katze geben werde. Mein erster Gedanke war niemals! Aber da war ja auch Anny, wenn ich mich nicht z\u00fcgig entscheiden w\u00fcrde, dann w\u00fcrde die Dreiergruppe wieder zu eingefahren sein. Anny [&hellip;]<\/p>\n","protected":false},"author":2,"featured_media":0,"comment_status":"open","ping_status":"open","sticky":false,"template":"","format":"standard","meta":[],"categories":[4],"tags":[9,10],"_links":{"self":[{"href":"http:\/\/www.meine-birmas.de\/index.php?rest_route=\/wp\/v2\/posts\/124"}],"collection":[{"href":"http:\/\/www.meine-birmas.de\/index.php?rest_route=\/wp\/v2\/posts"}],"about":[{"href":"http:\/\/www.meine-birmas.de\/index.php?rest_route=\/wp\/v2\/types\/post"}],"author":[{"embeddable":true,"href":"http:\/\/www.meine-birmas.de\/index.php?rest_route=\/wp\/v2\/users\/2"}],"replies":[{"embeddable":true,"href":"http:\/\/www.meine-birmas.de\/index.php?rest_route=%2Fwp%2Fv2%2Fcomments&post=124"}],"version-history":[{"count":12,"href":"http:\/\/www.meine-birmas.de\/index.php?rest_route=\/wp\/v2\/posts\/124\/revisions"}],"predecessor-version":[{"id":153,"href":"http:\/\/www.meine-birmas.de\/index.php?rest_route=\/wp\/v2\/posts\/124\/revisions\/153"}],"wp:attachment":[{"href":"http:\/\/www.meine-birmas.de\/index.php?rest_route=%2Fwp%2Fv2%2Fmedia&parent=124"}],"wp:term":[{"taxonomy":"category","embeddable":true,"href":"http:\/\/www.meine-birmas.de\/index.php?rest_route=%2Fwp%2Fv2%2Fcategories&post=124"},{"taxonomy":"post_tag","embeddable":true,"href":"http:\/\/www.meine-birmas.de\/index.php?rest_route=%2Fwp%2Fv2%2Ftags&post=124"}],"curies":[{"name":"wp","href":"https:\/\/api.w.org\/{rel}","templated":true}]}}